{"Success":true,"modalN":true,"Message":"\u003Cdiv class=\u0022modal fade\u0022 id=\u0022modalPoliticaUsoNew\u0022 tabindex=\u0022-1\u0022 aria-labelledby=\u0022modalPoliticaUsoNewLabel\u0022 style=\u0022\u0022 aria-modal=\u0022true\u0022 role=\u0022dialog\u0022\u003E\r\n    \u003Cdiv class=\u0022modal-dialog modal-dialog-scrollable modal-fullscreen-md-down modal-lg\u0022\u003E\r\n        \u003Cdiv class=\u0022modal-content\u0022\u003E\r\n            \u003Cdiv class=\u0022modal-header me-2\u0022\u003E\r\n                    \u003Ch5 class=\u0022modal-title\u0022 id=\u0022modalPoliticaUsoNewLabel\u0022\u003EPol\u00EDtica de privacidad\u003C/h5\u003E\r\n                \u003Cbutton type=\u0022button\u0022 class=\u0022btn-close\u0022 data-bs-dismiss=\u0022modal\u0022 aria-label=\u0022Close\u0022\u003E\u003C/button\u003E\r\n            \u003C/div\u003E\r\n            \u003Cdiv class=\u0022modal-body me-2\u0022\u003E\r\n                \r\n\r\n\r\n\u003Cdiv class=\u0022bg-white ps-1 pe-1\u0022\u003E\r\n    \u003Ch5 class=\u0022p-2 bg-light text-primary border-2 border-dark mt-4 mb-2\u0022\u003EPOL\u00CDTICA DE PRIVACIDAD DE COCEMFE ALICANTE\u003C/h5\u003E\r\n\r\n\u003Cbr\u003ECONTRATO PRESTACI\u00D3N DE SERVICIOS - SIL\u003Cbr\u003EEn cumplimiento de lo establecido en la legislaci\u00F3n vigente respecto a Protecci\u00F3n de datos personales, le informamos de modo expreso, preciso e inequ\u00EDvoco que sus datos personales, ser\u00E1n objeto de tratamiento en los ficheros responsabilidad de COCEMFE ALICANTE, con la finalidad del mantenimiento y cumplimiento de su relaci\u00F3n con nuestra entidad, incluyendo el asesoramiento en materia de discapacidad para el proceso de selecci\u00F3n, formaci\u00F3n e inserci\u00F3n laboral, env\u00EDo  de informaci\u00F3n, incluso por v\u00EDa electr\u00F3nica,  sobre discapacidad y comunicaciones sobre actividades formativas, culturales y de ocio, gesti\u00F3n administrativa y contable.\u003Cbr\u003EUsted consiente de manera expresa e inequ\u00EDvoca el tratamiento de los posibles datos de categor\u00EDas especiales (datos de car\u00E1cter personal relacionados con su salud) imprescindibles para los fines detallados en el p\u00E1rrafo anterior; y para la comunicaci\u00F3n de sus datos (incluyendo los de salud) que podr\u00E1n ser cedidos a los siguientes destinatarios:\u003Cbr\u003E\u2022\tEmpresas y entidades en proceso de selecci\u00F3n de personal, con la finalidad de cubrir vacantes laborales.\u003Cbr\u003E\u2022\tEmpresas y entidades dedicadas a la formaci\u00F3n con la finalidad de inscribirles u ofrecerles cursos formativos. \u003Cbr\u003E\u2022\tOrganismos p\u00FAblicos y entidades con fines socio sanitarios con la finalidad de justificaci\u00F3n de ayudas.\u003Cbr\u003E\u2022\tOrganismos p\u00FAblicos con competencia en materia de Sanidad, Servicios Sociales, Formaci\u00F3n y Empleo para la derivaci\u00F3n de prestaci\u00F3n de asistencia socio sanitaria.\u003Cbr\u003E\u003Cbr\u003EUsted consiente el tratamiento de los datos de salud y la cesi\u00F3n de los datos para todas las finalidades expuestas en los p\u00E1rrafos anteriores. La negativa a estos tratamientos de datos llevar\u00EDa aparejada la imposibilidad del mantenimiento y cumplimiento de la relaci\u00F3n con nuestra entidad, as\u00ED como su participaci\u00F3n en las actividades organizadas por COCEMFE ALICANTE.  \u003Cbr\u003E                              \u003Cbr\u003E\u003Cbr\u003E                                                        \u003Cbr\u003EInformaci\u00F3n b\u00E1sica sobre Protecci\u00F3n de datos\u003Cbr\u003EResponsable: COCEMFE ALICANTE; Finalidad: Asesoramiento en discapacidad, formaci\u00F3n e inserci\u00F3n laboral y env\u00EDo de informaci\u00F3n; Derechos: Tiene derecho a acceder, rectificar y suprimir los datos, as\u00ED como otros derechos, indicados en la informaci\u00F3n adicional, que puede ejercer dirigi\u00E9ndose a cocemfealicante@cominet.org o C/. CRONISTA JOAQU\u00CDN COLL\u00CDA, 5 BAJO -03010 ALICANTE; Informaci\u00F3n adicional: A continuaci\u00F3n, en este documento.\u003Cbr\u003E\u003Cbr\u003E\u003Cbr\u003E\u003Cbr\u003EANEXO -  Informaci\u00F3n completa sobre Protecci\u00F3n de Datos\u003Cbr\u003E1.\t\u00BFQui\u00E9n es el responsable del tratamiento de sus datos? \u003Cbr\u003ECOCEMFE ALICANTE.- G03337375.\u003Cbr\u003EC/. CRONISTA JOAQUIN COLLIA, 5 BAJO - 03010 - ALICANTE \u003Cbr\u003E965257187. / cocemfealicante@cominet.org.\u003Cbr\u003E1.1. Datos de contacto del Delegado de Protecci\u00F3n de Datos (DPD):\u003Cbr\u003EIMPULSO SISTEMAS, COOP.V\u003Cbr\u003EC/. CRONISTA JOAQU\u00CDN COLL\u00CDA, 5 BAJO -03010 ALICANTE\u003Cbr\u003Ecocemfealicante@cominet.org\u003Cbr\u003E\u003Cbr\u003E2.\t\u00BFCon qu\u00E9 finalidad tratamos sus datos personales?\u003Cbr\u003EEn COCEMFE ALICANTE tratamos la informaci\u00F3n que nos facilitan las personas interesadas con el fin de Mantenimiento y cumplimiento de su relaci\u00F3n con nuestra entidad, incluyendo el asesoramiento en materia de discapacidad para el proceso de selecci\u00F3n, formaci\u00F3n e inserci\u00F3n\u003Cbr\u003Elaboral, env\u00EDo  de informaci\u00F3n  sobre discapacidad y comunicaciones sobre actividades formativas, culturales y de ocio, gesti\u00F3n administrativa y contable. No se van a tomar decisiones automatizadas en base a los datos proporcionados.\u003Cbr\u003E\u003Cbr\u003E3.\t\u00BFPor cu\u00E1nto tiempo conservaremos sus datos?\u003Cbr\u003EMientras la informaci\u00F3n contenida sea v\u00E1lida para los fines solicitados y no se solicite la supresi\u00F3n de los datos, y en su caso, mientras sea necesario mantenerlos para cumplir con deberes legales o atender reclamaciones.\u003Cbr\u003E\u003Cbr\u003E4.\t\u00BFCu\u00E1l es la legitimaci\u00F3n para el tratamiento de sus datos?\u003Cbr\u003ELe indicamos la base legal para el tratamiento de sus datos:\u003Cbr\u003E\u2022\tEjecuci\u00F3n de un contrato: Prestar el servicio solicitado\u003Cbr\u003E\u2022\tConsentimiento del interesado: Tratamiento de datos de categor\u00EDas especiales (Datos de salud)\u003Cbr\u003E\u2022\tConsentimiento del interesado: Cesi\u00F3n de datos.\u003Cbr\u003E\u003Cbr\u003E5.\t\u00BFA qu\u00E9 destinatarios se comunicar\u00E1n sus datos?\u003Cbr\u003ELos datos se comunicar\u00E1n a los siguientes destinatarios:\u003Cbr\u003E\u2022\tEmpresas y entidades dedicadas a la formaci\u00F3n, con la finalidad de inscribirles u ofrecerles cursos formativos\u003Cbr\u003E\u2022\tEmpresas y entidades en proceso de selecci\u00F3n de personal., con la finalidad de cubrir vacantes laborales.\u003Cbr\u003E\u2022\tOrganismos p\u00FAblicos con competencia en materia de Sanidad, Servicios Sociales, Formaci\u00F3n y Empleo, con la finalidad de derivaci\u00F3n de prestaci\u00F3n de asistencia socio sanitaria\u003Cbr\u003E\u2022\tOrganismos p\u00FAblicos y entidades con fines socio sanitarios, con la finalidad de justificaci\u00F3n de ayudas\u003Cbr\u003E\u003Cbr\u003E6.\tTransferencias de datos a terceros pa\u00EDses\u003Cbr\u003ENo est\u00E1n previstas transferencias de datos a terceros pa\u00EDses.\u003Cbr\u003E\u003Cbr\u003E7.\t\u00BFCu\u00E1les son sus derechos cuando nos facilita sus datos?\u003Cbr\u003ECualquier persona tiene derecho a obtener confirmaci\u00F3n sobre si en COCEMFE ALICANTE estamos tratando, o no, datos personales que les conciernan.\u003Cbr\u003ELas personas interesadas tienen derecho a acceder a sus datos personales, as\u00ED como a solicitar la rectificaci\u00F3n de los datos inexactos o, en su caso, solicitar su supresi\u00F3n cuando, entre otros motivos, los datos ya no sean necesarios para los fines que fueron recogidos. Igualmente tiene derecho a la portabilidad de sus datos.\u003Cbr\u003EEn determinadas circunstancias, los interesados podr\u00E1n solicitar la limitaci\u00F3n del tratamiento de sus datos, en cuyo caso \u00FAnicamente los conservaremos para el ejercicio o la defensa de reclamaciones.\u003Cbr\u003EEn determinadas circunstancias y por motivos relacionados con su situaci\u00F3n particular, los interesados podr\u00E1n oponerse al tratamiento de sus datos. En este caso, COCEMFE ALICANTE dejar\u00E1 de tratar los datos, salvo por motivos leg\u00EDtimos imperiosos, o el ejercicio o la defensa de posibles reclamaciones. Podr\u00E1 ejercitar materialmente sus derechos de la siguiente forma: dirigi\u00E9ndose a cocemfealicante@cominet.org o C/. CRONISTA JOAQU\u00CDN COLL\u00CDA, 5 BAJO -03010 ALICANTE.\u003Cbr\u003ECuando se realice el env\u00EDo de comunicaciones comerciales utilizando como base jur\u00EDdica el inter\u00E9s leg\u00EDtimo del responsable, el interesado podr\u00E1 oponerse al tratamiento de sus datos con ese fin.\u003Cbr\u003ESi ha otorgado su consentimiento para alguna finalidad concreta, tiene derecho a retirar el consentimiento otorgado en cualquier momento, sin que ello afecte a la licitud del tratamiento basado en el consentimiento previo a su retirada.\u003Cbr\u003EEn caso de que sienta vulnerados sus derechos en lo concerniente a la protecci\u00F3n de sus datos personales, especialmente cuando no haya obtenido satisfacci\u00F3n en el ejercicio de sus derechos, puede presentar una reclamaci\u00F3n ante la Autoridad de Control en materia de Protecci\u00F3n de Datos competente a trav\u00E9s de su sitio web: www.aepd.es.\u003Cbr\u003E\u003Cbr\u003E8.\t\u00BFC\u00F3mo hemos obtenido sus datos?\u003Cbr\u003ELos datos personales que tratamos en COCEMFE ALICANTE proceden de: El propio interesado y en su caso de su tutor legal.\u003Cbr\u003ELas categor\u00EDas de datos que se tratan son: Datos identificativos, direcciones postales y electr\u00F3nicas, datos econ\u00F3micos.\u003Cbr\u003ESe tratan las siguientes categor\u00EDas de datos especiales: Salud.\u003Cbr\u003E;\r\n\r\n\u003C/div\u003E\r\n\r\n\r\n            \u003C/div\u003E\r\n            \u003Cdiv class=\u0022modal-footer me-2\u0022\u003E\r\n                \u003Cbutton type=\u0022button\u0022 class=\u0022btn btn-secondary\u0022 data-bs-dismiss=\u0022modal\u0022\u003ECerrar\u003C/button\u003E\r\n            \u003C/div\u003E\r\n        \u003C/div\u003E\r\n    \u003C/div\u003E\r\n\u003C/div\u003E\r\n\r\n"}