{"Success":true,"modalN":true,"Message":"\u003Cdiv class=\u0022modal fade\u0022 id=\u0022modalPoliticaUsoNew\u0022 tabindex=\u0022-1\u0022 aria-labelledby=\u0022modalPoliticaUsoNewLabel\u0022 style=\u0022\u0022 aria-modal=\u0022true\u0022 role=\u0022dialog\u0022\u003E\r\n    \u003Cdiv class=\u0022modal-dialog modal-dialog-scrollable modal-fullscreen-md-down modal-lg\u0022\u003E\r\n        \u003Cdiv class=\u0022modal-content\u0022\u003E\r\n            \u003Cdiv class=\u0022modal-header me-2\u0022\u003E\r\n                    \u003Ch5 class=\u0022modal-title\u0022 id=\u0022modalPoliticaUsoNewLabel\u0022\u003EPol\u00EDtica de privacidad\u003C/h5\u003E\r\n                \u003Cbutton type=\u0022button\u0022 class=\u0022btn-close\u0022 data-bs-dismiss=\u0022modal\u0022 aria-label=\u0022Close\u0022\u003E\u003C/button\u003E\r\n            \u003C/div\u003E\r\n            \u003Cdiv class=\u0022modal-body me-2\u0022\u003E\r\n                \r\n\r\n\r\n\u003Cdiv class=\u0022bg-white ps-1 pe-1\u0022\u003E\r\n    \u003Ch5 class=\u0022p-2 bg-light text-primary border-2 border-dark mt-4 mb-2\u0022\u003EPOL\u00CDTICA DE PRIVACIDAD DE AGRUPACION COMARCAL DE EMPRESARIOS\u003C/h5\u003E\r\n\r\nADVERTENCIA LEGAL\u003Cbr\u003E\u003Cbr\u003E\u0022De conformidad con la LOPD15/1999, se informa que los datos personales que figuran en el presente documento electr\u00F3nico son objeto de tratamiento automatizado y han sido incorporados a ficheros titularidad de la Agrupaci\u00F3n Comarcal de Empresarios (ACE), responsable del fichero. La finalidad del tratamiento ser\u00E1 comunicarse con los clientes y poder llevar a cabo las funciones propias de la agrupaci\u00F3n. Asimismo la responsable del fichero queda autorizada a utilizar los datos recabados con fines comerciales. Usted podr\u00E1 ejercitar los derechos de acceso, rectificaci\u00F3n, cancelaci\u00F3n y oposici\u00F3n mediante el envi\u00F3 de correo electr\u00F3nico por este mismo medio o mediante petici\u00F3n escrita al domicilio de la misma acompa\u00F1ando D.N.I. Con motivo de la entrada en vigor de la LSSI 34/2002, si no desea recibir m\u00E1s correos electr\u00F3nicos, env\u00EDe un e-mail con el asunto baja.\u0022;\r\n\r\n\u003C/div\u003E\r\n\r\n\r\n            \u003C/div\u003E\r\n            \u003Cdiv class=\u0022modal-footer me-2\u0022\u003E\r\n                \u003Cbutton type=\u0022button\u0022 class=\u0022btn btn-secondary\u0022 data-bs-dismiss=\u0022modal\u0022\u003ECerrar\u003C/button\u003E\r\n            \u003C/div\u003E\r\n        \u003C/div\u003E\r\n    \u003C/div\u003E\r\n\u003C/div\u003E\r\n\r\n"}