{"Success":true,"modalN":true,"Message":"\u003Cdiv class=\u0022modal fade\u0022 id=\u0022modalPoliticaUsoNew\u0022 tabindex=\u0022-1\u0022 aria-labelledby=\u0022modalPoliticaUsoNewLabel\u0022 style=\u0022\u0022 aria-modal=\u0022true\u0022 role=\u0022dialog\u0022\u003E\r\n    \u003Cdiv class=\u0022modal-dialog modal-dialog-scrollable modal-fullscreen-md-down modal-lg\u0022\u003E\r\n        \u003Cdiv class=\u0022modal-content\u0022\u003E\r\n            \u003Cdiv class=\u0022modal-header me-2\u0022\u003E\r\n                    \u003Ch5 class=\u0022modal-title\u0022 id=\u0022modalPoliticaUsoNewLabel\u0022\u003EPol\u00EDtica de privacidad\u003C/h5\u003E\r\n                \u003Cbutton type=\u0022button\u0022 class=\u0022btn-close\u0022 data-bs-dismiss=\u0022modal\u0022 aria-label=\u0022Close\u0022\u003E\u003C/button\u003E\r\n            \u003C/div\u003E\r\n            \u003Cdiv class=\u0022modal-body me-2\u0022\u003E\r\n                \r\n\r\n\r\n\u003Cdiv class=\u0022bg-white ps-1 pe-1\u0022\u003E\r\n    \u003Ch5 class=\u0022p-2 bg-light text-primary border-2 border-dark mt-4 mb-2\u0022\u003EPOL\u00CDTICA DE PRIVACIDAD DE SULAYR CALIDAD, CENTRO DE FORMACI\u00D3N Y CONSULTOR\u00CDA\u003C/h5\u003E\r\n\r\nEn SULAYR \u00AE estamos comprometidos con la protecci\u00F3n de tu privacidad. Queremos ser transparentes sobre los datos que recopilamos, c\u00F3mo los utilizamos y los derechos que tienes para controlar tus datos.\u003Cbr\u003E\u003Cbr\u003E1. INFORMACI\u00D3N AL USUARIO\u003Cbr\u003E\u003Cbr\u003ESULAYR CALIDAD, S.L., JIM\u00C9NEZ PUERTAS ASESOR\u00CDA DE EMPRESAS, S.L. y A Z INNOVACI\u00D3N SOCIAL, S.L. (SULAYR \u00AE) son las responsables del tratamiento de los datos personales del Usuario y le informan que estos datos ser\u00E1n tratados de conformidad con lo dispuesto en el Reglamento (UE) 2016/679 de 27 de abril de 2016 (RGPD) relativo a la protecci\u00F3n de las personas f\u00EDsicas y en la Ley Org\u00E1nica 3/2018, de 5 de diciembre (LOPDGDD), en lo que respecta al tratamiento de datos personales y a la libre circulaci\u00F3n de estos datos, por lo que se le facilita la siguiente informaci\u00F3n del tratamiento:\u003Cbr\u003E\u003Cbr\u003E\u00BFCon qu\u00E9 finalidad tratamos sus datos personales?\u003Cbr\u003E\u003Cbr\u003EEn la empresa tratamos los datos de las personas interesadas para la gesti\u00F3n y desarrollo de las comunicaciones (contacto de usuarios, resoluci\u00F3n de consultas, promoci\u00F3n comercial, env\u00EDo de boletines, gesti\u00F3n de perfiles de la empresa en redes sociales, etc.) as\u00ED como para atender los servicios solicitados y desarrollar nuestra actividad.\u003Cbr\u003E\u003Cbr\u003E\u00BFQu\u00E9 tipo de datos tratamos?\u003Cbr\u003E\u003Cbr\u003EAdem\u00E1s de los diferentes medios de obtenci\u00F3n citados, as\u00ED como las diferentes finalidades de tratamiento expuestas, le informamos que los tipos de datos que podemos tratar en nuestro sistema de informaci\u00F3n son:\u003Cbr\u003E\u003Cbr\u003EDatos identificativos.\u003Cbr\u003EDirecciones electr\u00F3nicas.\u003Cbr\u003ECategor\u00EDas especiales de datos (por los colectivos de personas a los que van dirigidos los programas).\u003Cbr\u003E\u00BFPor cu\u00E1nto tiempo conservaremos sus datos?\u003Cbr\u003E\u003Cbr\u003ELos datos personales se conservar\u00E1n mientras se mantenga relaci\u00F3n con usted, bien como cliente, o bien como otro tipo de interesado; mientras no se solicite la supresi\u00F3n de estos; o mientras exista alguna previsi\u00F3n o exigencia legal de conservaci\u00F3n de estos.\u003Cbr\u003E\u003Cbr\u003ECuando los datos dejen de ser necesarios para las finalidades por las que fueron recabados ser\u00E1n suprimidos asegurando la confidencialidad de estos.\u003Cbr\u003E\u003Cbr\u003EEn el caso de datos facilitados con motivo de b\u00FAsqueda de empleo, si estos no resultasen de inter\u00E9s para la empresa, ser\u00E1n eliminados inmediatamente asegurando su confidencialidad.\u003Cbr\u003E\u003Cbr\u003E\u00BFCu\u00E1l es la legitimaci\u00F3n para el tratamiento de sus datos?\u003Cbr\u003E\u003Cbr\u003ELa base legal para el tratamiento de sus datos puede deberse a la ejecuci\u00F3n de alg\u00FAn contrato comercial, mercantil, laboral, etc., en el que el interesado sea parte.\u003Cbr\u003E\u003Cbr\u003EOtra base legal para el tratamiento de sus datos es el consentimiento informado expreso que nos otorga mediante la casilla correspondiente para su inscripci\u00F3n en los diferentes programas (\u00ABcheckbox\u00BB) en el caso de otros tratamientos como, por ejemplo: formulario de contacto del sitio web, participaci\u00F3n en los perfiles de redes sociales de la empresa, y cualquier otro tratamiento que implique necesariamente la recogida de sus datos personales, para lo cual ser\u00E1 requisito imprescindible una clara acci\u00F3n afirmativa por parte del interesado.\u003Cbr\u003E\u003Cbr\u003E\u00BFA qu\u00E9 destinatarios se comunicar\u00E1n sus datos?\u003Cbr\u003E\u003Cbr\u003ELos datos de los interesados no ser\u00E1n comunicados a ning\u00FAn tercero, salvo obligaci\u00F3n legal al respecto.\u003Cbr\u003E\u003Cbr\u003E\u00BFCu\u00E1les son sus derechos cuando nos facilita y/o tratamos sus datos?\u003Cbr\u003E\u003Cbr\u003EComo interesado, usted podr\u00E1 en cualquier momento solicitarnos el ejercicio de cualquiera de los siguientes derechos que le asisten en materia de protecci\u00F3n de datos:\u003Cbr\u003E\u003Cbr\u003EAcceder a sus datos: Tiene derecho a acceder a sus datos para conocer qu\u00E9 datos personales estamos tratando que le conciernen.\u003Cbr\u003ESolicitar la rectificaci\u00F3n o supresi\u00F3n de sus datos: En determinadas circunstancias, tiene derecho a rectificar aquellos datos personales que considere inexactos y que le conciernan, y que sean objeto de tratamiento por parte de LAS ENTIDADES, as\u00ED como derecho a solicitar la supresi\u00F3n de sus datos cuando, entre otros motivos, los datos ya no fueran necesarios para los fines que fueron recogidos.\u003Cbr\u003ESolicitar la limitaci\u00F3n del tratamiento de sus datos: En determinadas circunstancias, tendr\u00E1 derecho a solicitarnos la limitaci\u00F3n del tratamiento de sus datos, en cuyo caso le informamos que \u00FAnicamente conservaremos los datos sobre los que haya solicitado limitaci\u00F3n en el tratamiento para el ejercicio o defensa de reclamaciones.\u003Cbr\u003EA la portabilidad de sus datos: En determinadas circunstancias, tendr\u00E1 derecho a recibir los datos personales que le incumban, y que nos haya facilitado, en un formato estructurado de uso com\u00FAn y lectura mec\u00E1nica, as\u00ED como a que sean transmitidos por parte de nuestra empresa a otro responsable del tratamiento.\u003Cbr\u003EOponerse al tratamiento de sus datos: En determinadas circunstancias y por motivos relacionados con su situaci\u00F3n particular, tendr\u00E1 derecho a oponerse al tratamiento de sus datos en cuyo caso, dejar\u00EDamos de tratarlos salvo que debamos continuar haci\u00E9ndolo por motivos leg\u00EDtimos imperiosos o para el ejercicio o la defensa de posibles reclamaciones.\u003Cbr\u003EDerecho a presentar una reclamaci\u00F3n ante la Autoridad de control si no ha obtenido satisfacci\u00F3n en el ejercicio de sus derechos, en este caso, ante la Agencia Espa\u00F1ola de protecci\u00F3n de datos http://www.aepd.es\u003Cbr\u003ELe informamos que podr\u00E1 ejercitar sus derechos sobre sus datos personales a trav\u00E9s de cualquiera de las siguientes v\u00EDas:\u003Cbr\u003E\u003Cbr\u003EDirecci\u00F3n postal: Urbanizaci\u00F3n Alc\u00E1zar Genil N\u00BA 2 \u2013 18006 Granada\u003Cbr\u003EDirecci\u00F3n electr\u00F3nica: \u00AD\u00AD\u00AD\u00AD\u00AD\u00AD\u00AD\u00AD\u00AD\u00AD\u00AD\u00AD\u00ADinfo@sulayr.com\u003Cbr\u003EEnv\u00EDo de comunicaciones o informaci\u00F3n\u003Cbr\u003E\u003Cbr\u003ENuestra pol\u00EDtica con respecto al env\u00EDo informaci\u00F3n a trav\u00E9s de medios telem\u00E1ticos (correo electr\u00F3nico, mensajer\u00EDa instant\u00E1nea, etc.), se limita a enviar \u00FAnicamente comunicaciones que consideremos de inter\u00E9s para nuestros usuarios e interesados, en relaci\u00F3n con las funciones y actividad de la empresa, o que usted haya consentido recibir.\u003Cbr\u003E\u003Cbr\u003ESi prefiere no recibir estos mensajes, le ofreceremos a trav\u00E9s de estos la posibilidad de ejercer su derecho de cancelaci\u00F3n y renuncia a la recepci\u00F3n de estos mensajes, en conformidad con lo dispuesto en el T\u00EDtulo III, art\u00EDculo 22 de la Ley 34/2002 de Servicios para la Sociedad de la Informaci\u00F3n y de Comercio Electr\u00F3nico.\u003Cbr\u003E\u003Cbr\u003E2. CAR\u00C1CTER OBLIGATORIO O FACULTATIVO DE LA INFORMACI\u00D3N FACILITADA POR EL USUARIO\u003Cbr\u003E\u003Cbr\u003ELos Usuarios, mediante la marcaci\u00F3n de las casillas correspondientes y entrada de datos en los campos, del formulario de contacto o presentados en formularios de descarga, aceptan expresamente y de forma libre e inequ\u00EDvoca, que sus datos son necesarios para atender su petici\u00F3n, por parte del prestador, siendo voluntaria la inclusi\u00F3n de datos en los campos restantes.\u003Cbr\u003E\u003Cbr\u003EEl usuario garantiza que los datos que aporte son verdaderos, exactos, completos y se encuentran actualizados, siendo responsable de cualquier da\u00F1o o perjuicio, directo o indirecto, que pudiera ocasionarse como consecuencia del incumplimiento de tal obligaci\u00F3n.\u003Cbr\u003E\u003Cbr\u003EEn caso de que el usuario aporte datos pertenecientes a un tercero, garantiza que ha informado a dicho tercero de la totalidad de aspectos contenidos en la presente Pol\u00EDtica de Privacidad y obtenido su consentimiento para facilitarnos sus datos para la finalidad de tratamiento de que se trate. Todo ello, con car\u00E1cter previo al suministro de datos de un tercero.\u003Cbr\u003E\u003Cbr\u003EEn caso de que no sean facilitados todos los datos, no se garantiza que la informaci\u00F3n y servicios facilitados sean completamente ajustados a sus necesidades.;\r\n\r\n\u003C/div\u003E\r\n\r\n\r\n            \u003C/div\u003E\r\n            \u003Cdiv class=\u0022modal-footer me-2\u0022\u003E\r\n                \u003Cbutton type=\u0022button\u0022 class=\u0022btn btn-secondary\u0022 data-bs-dismiss=\u0022modal\u0022\u003ECerrar\u003C/button\u003E\r\n            \u003C/div\u003E\r\n        \u003C/div\u003E\r\n    \u003C/div\u003E\r\n\u003C/div\u003E\r\n\r\n"}