{"Success":true,"modalN":true,"Message":"\u003Cdiv class=\u0022modal fade\u0022 id=\u0022modalPoliticaUsoNew\u0022 tabindex=\u0022-1\u0022 aria-labelledby=\u0022modalPoliticaUsoNewLabel\u0022 style=\u0022\u0022 aria-modal=\u0022true\u0022 role=\u0022dialog\u0022\u003E\r\n    \u003Cdiv class=\u0022modal-dialog modal-dialog-scrollable modal-fullscreen-md-down modal-lg\u0022\u003E\r\n        \u003Cdiv class=\u0022modal-content\u0022\u003E\r\n            \u003Cdiv class=\u0022modal-header me-2\u0022\u003E\r\n                    \u003Ch5 class=\u0022modal-title\u0022 id=\u0022modalPoliticaUsoNewLabel\u0022\u003EPol\u00EDtica de privacidad\u003C/h5\u003E\r\n                \u003Cbutton type=\u0022button\u0022 class=\u0022btn-close\u0022 data-bs-dismiss=\u0022modal\u0022 aria-label=\u0022Close\u0022\u003E\u003C/button\u003E\r\n            \u003C/div\u003E\r\n            \u003Cdiv class=\u0022modal-body me-2\u0022\u003E\r\n                \r\n\r\n\r\n\u003Cdiv class=\u0022bg-white ps-1 pe-1\u0022\u003E\r\n    \u003Ch5 class=\u0022p-2 bg-light text-primary border-2 border-dark mt-4 mb-2\u0022\u003EPOL\u00CDTICA DE PRIVACIDAD DE CONFEDERACION CANARIA DE EMPRESARIOS\u003C/h5\u003E\r\n\r\nDe conformidad con lo dispuesto en la Ley Org\u00E1nica 3/2018, de 5 de diciembre, de Protecci\u00F3n de Datos Personales y garant\u00EDa de los derechos digitales,  y su normativa de desarrollo, en especial, el Reglamento (UE) 2016 679 del Parlamento Europeo y del Consejo de 27 de abril de 2016, relativo a la protecci\u00F3n de las personas f\u00EDsicas, en lo que respecta al tratamiento de sus datos personales y la libre circulaci\u00F3n de estos datos (Reglamento General de Protecci\u00F3n de Datos); te informamos de lo siguiente:\u003Cbr\u003E\u003Cbr\u003EINFORMACI\u00D3N SOBRE PROTECCI\u00D3N DE DATOS   \u003Cbr\u003E\u003Cbr\u003ERESPONSABLE DEL TRATAMIENTO\u003Cbr\u003E\t Denominaci\u00F3n social: Confederaci\u00F3n Canaria de Empresarios.\u003Cbr\u003E\tCIF: G35057595\u003Cbr\u003E\tDirecci\u00F3n: C/ Le\u00F3n y Castillo N\u00AA 54, Las Palmas de Gran Canaria, Las Palmas.\u003Cbr\u003E\tCorreo electr\u00F3nico: protecciondedatos@ccelpa.org\u003Cbr\u003E\tTel\u00E9fono:928383500\u003Cbr\u003E\u003Cbr\u003EFINALIDADES DEL TRATAMIENTO\t\u003Cbr\u003ELos datos personales ser\u00E1n tratados para:   \u003Cbr\u003ELa inscripci\u00F3n en la Agencia de Colocaci\u00F3n de la Confederaci\u00F3n Canaria de Empresarios Registrada, con N\u00BA 050000134 con el objetivo de participar en procesos de selecci\u00F3n poder ofrecer el servicio de intermediaci\u00F3n laboral.\u003Cbr\u003E\u003Cbr\u003EPLAZO DE CONSERVACI\u00D3N\t\u003Cbr\u003ELos datos personales proporcionados se conservar\u00E1n durante el tiempo necesario para cumplir con la finalidad para la que se recabaron y para determinar las posibles responsabilidades que se pudieran derivar de dicha finalidad y del tratamiento de los datos.         \u003Cbr\u003E       \u003Cbr\u003ELEGITIMACI\u00D3N\t\u003Cbr\u003ELa legitimaci\u00F3n para el tratamiento de sus datos personales incorporados en la inscripci\u00F3n est\u00E1 basada en el consentimiento de los interesados, seg\u00FAn lo establecido en el art. 6.1.a).\u003Cbr\u003E\u003Cbr\u003EDESTINATARIOS  \u003Cbr\u003E Los datos ser\u00E1n cedidos a \u003Cbr\u003E\u2022 Mundiverso SL, con C.I.F.: B-9, empresa que presta el servicio del software digital para el funcionamiento de este servicio y que act\u00FAa como encargada del tratamiento.\u003Cbr\u003E\u2022 Entidades que oferten puestos vacantes en los casos en los que los usuarios encajen en el perfil buscado.\u003Cbr\u003E\u2022 Asimismo, su informaci\u00F3n personal estar\u00E1 a disposici\u00F3n de las Administraciones P\u00FAblicas, Jueces y Tribunales, para la atenci\u00F3n de las posibles responsabilidades nacidas del tratamiento de sus datos de car\u00E1cter personal. \u003Cbr\u003E\u003Cbr\u003EDERECHOS\u003Cbr\u003EPodr\u00E1 ejercer su derecho de acceso, rectificaci\u00F3n, supresi\u00F3n y oposici\u00F3n al tratamiento, as\u00ED como el resto de los derechos indicados en nuestra pol\u00EDtica de privacidad, escribiendo a la siguiente direcci\u00F3n de correo electr\u00F3nico:  protecciondedatos@ccelpa.org, o en la siguiente direcci\u00F3n postal: C/ Le\u00F3n y Castillo N\u00BA 54, Las Palmas de Gran Canaria, Las Palmas.\u003Cbr\u003E\u003Cbr\u003EInformaci\u00F3n adicional   \thttps://www.ccelpa.org/politica-de-privacidad/   \u003Cbr\u003E;\r\n\r\n\u003C/div\u003E\r\n\r\n\r\n            \u003C/div\u003E\r\n            \u003Cdiv class=\u0022modal-footer me-2\u0022\u003E\r\n                \u003Cbutton type=\u0022button\u0022 class=\u0022btn btn-secondary\u0022 data-bs-dismiss=\u0022modal\u0022\u003ECerrar\u003C/button\u003E\r\n            \u003C/div\u003E\r\n        \u003C/div\u003E\r\n    \u003C/div\u003E\r\n\u003C/div\u003E\r\n\r\n"}